{"id":45759,"date":"2024-08-16T16:13:48","date_gmt":"2024-08-16T14:13:48","guid":{"rendered":"http:\/\/www.alpenair.de\/?p=45759"},"modified":"2026-03-31T15:33:54","modified_gmt":"2026-03-31T13:33:54","slug":"top-day-trips-in-the-augsburg-area","status":"publish","type":"post","link":"https:\/\/www.alpenair.de\/en\/magazin\/region-en\/top-day-trips-in-the-augsburg-area\/","title":{"rendered":"Top day trips in the Augsburg area\u00a0"},"content":{"rendered":"\t\t<div data-elementor-type=\"wp-post\" data-elementor-id=\"45759\" class=\"elementor elementor-45759 elementor-45223\" data-elementor-post-type=\"post\">\n\t\t\t\t\t\t<section class=\"elementor-section elementor-top-section elementor-element elementor-element-f657391 elementor-section-boxed elementor-section-height-default elementor-section-height-default\" data-id=\"f657391\" data-element_type=\"section\">\n\t\t\t\t\t\t<div class=\"elementor-container elementor-column-gap-default\">\n\t\t\t\t\t<div class=\"elementor-column elementor-col-100 elementor-top-column elementor-element elementor-element-37c856c\" data-id=\"37c856c\" data-element_type=\"column\">\n\t\t\t<div class=\"elementor-widget-wrap elementor-element-populated\">\n\t\t\t\t\t\t<div class=\"elementor-element elementor-element-1adc8fb elementor-widget elementor-widget-heading\" data-id=\"1adc8fb\" data-element_type=\"widget\" data-widget_type=\"heading.default\">\n\t\t\t\t<div class=\"elementor-widget-container\">\n\t\t\t\t\t<h2 class=\"elementor-heading-title elementor-size-medium\">Ideas for day trips near Augsburg - also with children from ALPEN AIR<\/h2>\t\t\t\t<\/div>\n\t\t\t\t<\/div>\n\t\t\t\t\t<\/div>\n\t\t<\/div>\n\t\t\t\t\t<\/div>\n\t\t<\/section>\n\t\t\t\t<section class=\"elementor-section elementor-top-section elementor-element elementor-element-9baec24 elementor-section-boxed elementor-section-height-default elementor-section-height-default\" data-id=\"9baec24\" data-element_type=\"section\">\n\t\t\t\t\t\t<div class=\"elementor-container elementor-column-gap-default\">\n\t\t\t\t\t\t<\/div>\n\t\t<\/section>\n\t\t\t\t<section class=\"elementor-section elementor-top-section elementor-element elementor-element-853fc33 elementor-section-boxed elementor-section-height-default elementor-section-height-default\" data-id=\"853fc33\" data-element_type=\"section\">\n\t\t\t\t\t\t<div class=\"elementor-container elementor-column-gap-default\">\n\t\t\t\t\t<div class=\"elementor-column elementor-col-100 elementor-top-column elementor-element elementor-element-db134db\" data-id=\"db134db\" data-element_type=\"column\">\n\t\t\t<div class=\"elementor-widget-wrap elementor-element-populated\">\n\t\t\t\t\t\t<div class=\"elementor-element elementor-element-9ebbd91 elementor-widget elementor-widget-image\" data-id=\"9ebbd91\" data-element_type=\"widget\" data-widget_type=\"image.default\">\n\t\t\t\t<div class=\"elementor-widget-container\">\n\t\t\t\t\t\t\t\t\t\t\t\t<figure class=\"wp-caption\">\n\t\t\t\t\t\t\t\t\t\t<img fetchpriority=\"high\" decoding=\"async\" width=\"1024\" height=\"536\" src=\"https:\/\/www.alpenair.de\/wp-content\/uploads\/2025\/11\/Gooogle-Ads-Ueberarbeitung-10-1024x536.png\" class=\"attachment-large size-large wp-image-70144\" alt=\"Thank you for flying wit ALPEN AIR\" srcset=\"https:\/\/www.alpenair.de\/wp-content\/uploads\/2025\/11\/Gooogle-Ads-Ueberarbeitung-10-1024x536.png 1024w, https:\/\/www.alpenair.de\/wp-content\/uploads\/2025\/11\/Gooogle-Ads-Ueberarbeitung-10-300x157.png 300w, https:\/\/www.alpenair.de\/wp-content\/uploads\/2025\/11\/Gooogle-Ads-Ueberarbeitung-10-768x402.png 768w, https:\/\/www.alpenair.de\/wp-content\/uploads\/2025\/11\/Gooogle-Ads-Ueberarbeitung-10-1536x804.png 1536w, https:\/\/www.alpenair.de\/wp-content\/uploads\/2025\/11\/Gooogle-Ads-Ueberarbeitung-10-2048x1072.png 2048w\" sizes=\"(max-width: 1024px) 100vw, 1024px\" \/>\t\t\t\t\t\t\t\t\t\t\t<figcaption class=\"widget-image-caption wp-caption-text\"><\/figcaption>\n\t\t\t\t\t\t\t\t\t\t<\/figure>\n\t\t\t\t\t\t\t\t\t<\/div>\n\t\t\t\t<\/div>\n\t\t\t\t<div class=\"elementor-element elementor-element-0a18446 elementor-widget elementor-widget-text-editor\" data-id=\"0a18446\" data-element_type=\"widget\" data-widget_type=\"text-editor.default\">\n\t\t\t\t<div class=\"elementor-widget-container\">\n\t\t\t\t\t\t\t\t\t<p>Augsburg, one of the oldest cities in Germany, not only offers a rich history and culture, but also numerous opportunities for unforgettable day trips. Whether you are a nature lover, history enthusiast or adventurer, there is something for everyone to discover in the region around Augsburg. In this article, we present the top 10-day trips that you should experience. These excursions are perfect for singles, families and groups and guarantee you a day full of adventure and relaxation.<\/p>\t\t\t\t\t\t\t\t<\/div>\n\t\t\t\t<\/div>\n\t\t\t\t<div class=\"elementor-element elementor-element-1f34b08 elementor-widget elementor-widget-text-editor\" data-id=\"1f34b08\" data-element_type=\"widget\" data-widget_type=\"text-editor.default\">\n\t\t\t\t<div class=\"elementor-widget-container\">\n\t\t\t\t\t\t\t\t\t<ol><li style=\"font-weight: 400;\">The Romantic Road and Rothenburg ob der Tauber<\/li><li style=\"font-weight: 400;\">Augsburg Nature Park &#8211; Western Forests<\/li><li style=\"font-weight: 400;\">Bad W\u00f6rishofen thermal baths<\/li><li style=\"font-weight: 400;\">Legoland Germany in G\u00fcnzburg<\/li><li style=\"font-weight: 400;\">Andechs Monastery and the Ammersee<\/li><li style=\"font-weight: 400;\">Allg\u00e4u Skyline Park<\/li><li style=\"font-weight: 400;\">Lechfeld and Lech barrage 23<\/li><li style=\"font-weight: 400;\">Fugger Castle Kirchheim<\/li><li style=\"font-weight: 400;\">Danube Gorge and Weltenburg Monastery<\/li><li style=\"font-weight: 400;\">Sightseeing flight with ALPEN AIR over the Alps<\/li><\/ol><p>\u00a0<\/p>\t\t\t\t\t\t\t\t<\/div>\n\t\t\t\t<\/div>\n\t\t\t\t\t<\/div>\n\t\t<\/div>\n\t\t\t\t\t<\/div>\n\t\t<\/section>\n\t\t\t\t<section class=\"elementor-section elementor-top-section elementor-element elementor-element-264b4ad elementor-section-boxed elementor-section-height-default elementor-section-height-default\" data-id=\"264b4ad\" data-element_type=\"section\">\n\t\t\t\t\t\t<div class=\"elementor-container elementor-column-gap-default\">\n\t\t\t\t\t<div class=\"elementor-column elementor-col-100 elementor-top-column elementor-element elementor-element-637bead\" data-id=\"637bead\" data-element_type=\"column\">\n\t\t\t<div class=\"elementor-widget-wrap elementor-element-populated\">\n\t\t\t\t\t\t<div class=\"elementor-element elementor-element-6950a7d elementor-widget elementor-widget-image\" data-id=\"6950a7d\" data-element_type=\"widget\" data-widget_type=\"image.default\">\n\t\t\t\t<div class=\"elementor-widget-container\">\n\t\t\t\t\t\t\t\t\t\t\t\t<figure class=\"wp-caption\">\n\t\t\t\t\t\t\t\t\t\t<img decoding=\"async\" width=\"1024\" height=\"684\" src=\"https:\/\/www.alpenair.de\/wp-content\/uploads\/2024\/08\/roman-kraft-g_gwdpsCVAY-unsplash-2048x1367.jpg-1-1024x684.webp\" class=\"attachment-large size-large wp-image-72799\" alt=\"Day trips in Augsburg and near cities\" srcset=\"https:\/\/www.alpenair.de\/wp-content\/uploads\/2024\/08\/roman-kraft-g_gwdpsCVAY-unsplash-2048x1367.jpg-1-1024x684.webp 1024w, https:\/\/www.alpenair.de\/wp-content\/uploads\/2024\/08\/roman-kraft-g_gwdpsCVAY-unsplash-2048x1367.jpg-1-300x200.webp 300w, https:\/\/www.alpenair.de\/wp-content\/uploads\/2024\/08\/roman-kraft-g_gwdpsCVAY-unsplash-2048x1367.jpg-1-768x513.webp 768w, https:\/\/www.alpenair.de\/wp-content\/uploads\/2024\/08\/roman-kraft-g_gwdpsCVAY-unsplash-2048x1367.jpg-1-1536x1025.webp 1536w, https:\/\/www.alpenair.de\/wp-content\/uploads\/2024\/08\/roman-kraft-g_gwdpsCVAY-unsplash-2048x1367.jpg-1.webp 2048w\" sizes=\"(max-width: 1024px) 100vw, 1024px\" \/>\t\t\t\t\t\t\t\t\t\t\t<figcaption class=\"widget-image-caption wp-caption-text\">Unsplash: Roman Kraft<\/figcaption>\n\t\t\t\t\t\t\t\t\t\t<\/figure>\n\t\t\t\t\t\t\t\t\t<\/div>\n\t\t\t\t<\/div>\n\t\t\t\t\t<\/div>\n\t\t<\/div>\n\t\t\t\t\t<\/div>\n\t\t<\/section>\n\t\t\t\t<section class=\"elementor-section elementor-top-section elementor-element elementor-element-6da49ec elementor-section-boxed elementor-section-height-default elementor-section-height-default\" data-id=\"6da49ec\" data-element_type=\"section\">\n\t\t\t\t\t\t<div class=\"elementor-container elementor-column-gap-default\">\n\t\t\t\t\t\t<\/div>\n\t\t<\/section>\n\t\t\t\t<section class=\"elementor-section elementor-top-section elementor-element elementor-element-7eb8f00 elementor-section-boxed elementor-section-height-default elementor-section-height-default\" data-id=\"7eb8f00\" data-element_type=\"section\">\n\t\t\t\t\t\t<div class=\"elementor-container elementor-column-gap-default\">\n\t\t\t\t\t<div class=\"elementor-column elementor-col-100 elementor-top-column elementor-element elementor-element-74c6d40\" data-id=\"74c6d40\" data-element_type=\"column\">\n\t\t\t<div class=\"elementor-widget-wrap elementor-element-populated\">\n\t\t\t\t\t\t<div class=\"elementor-element elementor-element-07194dd elementor-widget elementor-widget-text-editor\" data-id=\"07194dd\" data-element_type=\"widget\" data-widget_type=\"text-editor.default\">\n\t\t\t\t<div class=\"elementor-widget-container\">\n\t\t\t\t\t\t\t\t\t<h5><strong>1.<\/strong><strong>The Romantic Road and Rothenburg ob der Tauber<\/strong><\/h5>\t\t\t\t\t\t\t\t<\/div>\n\t\t\t\t<\/div>\n\t\t\t\t\t<\/div>\n\t\t<\/div>\n\t\t\t\t\t<\/div>\n\t\t<\/section>\n\t\t\t\t<section class=\"elementor-section elementor-top-section elementor-element elementor-element-6d42af6 elementor-section-boxed elementor-section-height-default elementor-section-height-default\" data-id=\"6d42af6\" data-element_type=\"section\">\n\t\t\t\t\t\t<div class=\"elementor-container elementor-column-gap-default\">\n\t\t\t\t\t<div class=\"elementor-column elementor-col-100 elementor-top-column elementor-element elementor-element-eb0664d\" data-id=\"eb0664d\" data-element_type=\"column\">\n\t\t\t<div class=\"elementor-widget-wrap elementor-element-populated\">\n\t\t\t\t\t\t<div class=\"elementor-element elementor-element-e36f4ec elementor-widget elementor-widget-text-editor\" data-id=\"e36f4ec\" data-element_type=\"widget\" data-widget_type=\"text-editor.default\">\n\t\t\t\t<div class=\"elementor-widget-container\">\n\t\t\t\t\t\t\t\t\t<p>The Romantic Road is one of the most popular tourist routes in Germany and leads directly through the picturesque Bavarian countryside from F\u00fcssen to W\u00fcrzburg. A highlight of this route is the historic town of Rothenburg ob der Tauber, known for its well-preserved medieval architecture. Stroll through the narrow streets, admire the half-timbered houses and visit the famous medieval crime museum. <a href=\"https:\/\/www.kriminalmuseum.eu\/\">https:\/\/www.kriminalmuseum.eu<\/a><\/p><p>A day trip to Rothenburg offers you a journey back in time to the Middle Ages and is particularly popular with families and history enthusiasts. <a href=\"https:\/\/www.romantischestrasse.de\/\">https:\/\/www.romantischestrasse.de<\/a><\/p>\t\t\t\t\t\t\t\t<\/div>\n\t\t\t\t<\/div>\n\t\t\t\t\t<\/div>\n\t\t<\/div>\n\t\t\t\t\t<\/div>\n\t\t<\/section>\n\t\t\t\t<section class=\"elementor-section elementor-top-section elementor-element elementor-element-4985a70 elementor-section-boxed elementor-section-height-default elementor-section-height-default\" data-id=\"4985a70\" data-element_type=\"section\">\n\t\t\t\t\t\t<div class=\"elementor-container elementor-column-gap-default\">\n\t\t\t\t\t<div class=\"elementor-column elementor-col-100 elementor-top-column elementor-element elementor-element-d1f5bef\" data-id=\"d1f5bef\" data-element_type=\"column\">\n\t\t\t<div class=\"elementor-widget-wrap elementor-element-populated\">\n\t\t\t\t\t\t<div class=\"elementor-element elementor-element-00763d0 elementor-widget elementor-widget-text-editor\" data-id=\"00763d0\" data-element_type=\"widget\" data-widget_type=\"text-editor.default\">\n\t\t\t\t<div class=\"elementor-widget-container\">\n\t\t\t\t\t\t\t\t\t<h5><strong>2.\u00a0<\/strong><b><\/b><strong>Augsburg Nature Park &#8211; Western Forests<\/strong><\/h5>\t\t\t\t\t\t\t\t<\/div>\n\t\t\t\t<\/div>\n\t\t\t\t\t<\/div>\n\t\t<\/div>\n\t\t\t\t\t<\/div>\n\t\t<\/section>\n\t\t\t\t<section class=\"elementor-section elementor-top-section elementor-element elementor-element-8ef3c24 elementor-section-boxed elementor-section-height-default elementor-section-height-default\" data-id=\"8ef3c24\" data-element_type=\"section\">\n\t\t\t\t\t\t<div class=\"elementor-container elementor-column-gap-default\">\n\t\t\t\t\t<div class=\"elementor-column elementor-col-100 elementor-top-column elementor-element elementor-element-f993de1\" data-id=\"f993de1\" data-element_type=\"column\">\n\t\t\t<div class=\"elementor-widget-wrap elementor-element-populated\">\n\t\t\t\t\t\t<div class=\"elementor-element elementor-element-e67dd17 elementor-widget elementor-widget-text-editor\" data-id=\"e67dd17\" data-element_type=\"widget\" data-widget_type=\"text-editor.default\">\n\t\t\t\t<div class=\"elementor-widget-container\">\n\t\t\t\t\t\t\t\t\t<p>A trip to the Augsburg &#8211; Western Forests Nature Park is a highlight for nature lovers. This large nature park with almost 1200 square kilometers offers numerous hiking and cycling trails through dense forests, idyllic valleys and along babbling brooks. Discover the region&#8217;s flora and fauna, relax at one of the many picnic spots or explore the charming villages located in the nature park. <a href=\"https:\/\/www.augsburg.de\/freizeit\/ausflugsziele\/naturpark-westliche-waelder\">https:\/\/www.augsburg.de\/freizeit\/ausflugsziele\/naturpark-westliche-waelder<\/a><\/p><p>\u00a0<\/p>\t\t\t\t\t\t\t\t<\/div>\n\t\t\t\t<\/div>\n\t\t\t\t\t<\/div>\n\t\t<\/div>\n\t\t\t\t\t<\/div>\n\t\t<\/section>\n\t\t\t\t<section class=\"elementor-section elementor-top-section elementor-element elementor-element-be59872 elementor-section-boxed elementor-section-height-default elementor-section-height-default\" data-id=\"be59872\" data-element_type=\"section\">\n\t\t\t\t\t\t<div class=\"elementor-container elementor-column-gap-default\">\n\t\t\t\t\t<div class=\"elementor-column elementor-col-100 elementor-top-column elementor-element elementor-element-5b0677e\" data-id=\"5b0677e\" data-element_type=\"column\">\n\t\t\t<div class=\"elementor-widget-wrap elementor-element-populated\">\n\t\t\t\t\t\t<div class=\"elementor-element elementor-element-2221407 elementor-widget elementor-widget-image\" data-id=\"2221407\" data-element_type=\"widget\" data-widget_type=\"image.default\">\n\t\t\t\t<div class=\"elementor-widget-container\">\n\t\t\t\t\t\t\t\t\t\t\t\t<figure class=\"wp-caption\">\n\t\t\t\t\t\t\t\t\t\t<img decoding=\"async\" width=\"1024\" height=\"768\" src=\"https:\/\/www.alpenair.de\/wp-content\/uploads\/2024\/08\/geranimo-qzgN45hseN0-unsplash-1024x768.jpg\" class=\"attachment-large size-large wp-image-45230\" alt=\"sustainability - forest from above\" srcset=\"https:\/\/www.alpenair.de\/wp-content\/uploads\/2024\/08\/geranimo-qzgN45hseN0-unsplash-1024x768.jpg 1024w, https:\/\/www.alpenair.de\/wp-content\/uploads\/2024\/08\/geranimo-qzgN45hseN0-unsplash-300x225.jpg 300w, https:\/\/www.alpenair.de\/wp-content\/uploads\/2024\/08\/geranimo-qzgN45hseN0-unsplash-768x576.jpg 768w, https:\/\/www.alpenair.de\/wp-content\/uploads\/2024\/08\/geranimo-qzgN45hseN0-unsplash-1536x1152.jpg 1536w, https:\/\/www.alpenair.de\/wp-content\/uploads\/2024\/08\/geranimo-qzgN45hseN0-unsplash-2048x1536.jpg 2048w\" sizes=\"(max-width: 1024px) 100vw, 1024px\" \/>\t\t\t\t\t\t\t\t\t\t\t<figcaption class=\"widget-image-caption wp-caption-text\">Unsplash: Geranimo<\/figcaption>\n\t\t\t\t\t\t\t\t\t\t<\/figure>\n\t\t\t\t\t\t\t\t\t<\/div>\n\t\t\t\t<\/div>\n\t\t\t\t\t<\/div>\n\t\t<\/div>\n\t\t\t\t\t<\/div>\n\t\t<\/section>\n\t\t\t\t<section class=\"elementor-section elementor-top-section elementor-element elementor-element-a89d5f2 elementor-section-boxed elementor-section-height-default elementor-section-height-default\" data-id=\"a89d5f2\" data-element_type=\"section\">\n\t\t\t\t\t\t<div class=\"elementor-container elementor-column-gap-default\">\n\t\t\t\t\t<div class=\"elementor-column elementor-col-100 elementor-top-column elementor-element elementor-element-4641243\" data-id=\"4641243\" data-element_type=\"column\">\n\t\t\t<div class=\"elementor-widget-wrap elementor-element-populated\">\n\t\t\t\t\t\t<div class=\"elementor-element elementor-element-8346c5a elementor-widget elementor-widget-text-editor\" data-id=\"8346c5a\" data-element_type=\"widget\" data-widget_type=\"text-editor.default\">\n\t\t\t\t<div class=\"elementor-widget-container\">\n\t\t\t\t\t\t\t\t\t<h5><strong>3.\u00a0<\/strong><b>Bad W\u00f6rishofen\u00a0<\/b><strong>thermal baths<\/strong><\/h5>\t\t\t\t\t\t\t\t<\/div>\n\t\t\t\t<\/div>\n\t\t\t\t\t<\/div>\n\t\t<\/div>\n\t\t\t\t\t<\/div>\n\t\t<\/section>\n\t\t\t\t<section class=\"elementor-section elementor-top-section elementor-element elementor-element-0971a08 elementor-section-boxed elementor-section-height-default elementor-section-height-default\" data-id=\"0971a08\" data-element_type=\"section\">\n\t\t\t\t\t\t<div class=\"elementor-container elementor-column-gap-default\">\n\t\t\t\t\t<div class=\"elementor-column elementor-col-100 elementor-top-column elementor-element elementor-element-03ac301\" data-id=\"03ac301\" data-element_type=\"column\">\n\t\t\t<div class=\"elementor-widget-wrap elementor-element-populated\">\n\t\t\t\t\t\t<div class=\"elementor-element elementor-element-e627ce1 elementor-widget elementor-widget-text-editor\" data-id=\"e627ce1\" data-element_type=\"widget\" data-widget_type=\"text-editor.default\">\n\t\t\t\t<div class=\"elementor-widget-container\">\n\t\t\t\t\t\t\t\t\t<p>The <a href=\"https:\/\/www.therme-badwoerishofen.de\">Bad W\u00f6rishofen<\/a> thermal spa is the perfect destination for anyone looking to relax. This spacious wellness oasis offers a variety of thermal pools, saunas and steam baths where you can unwind. The spa is known for its healing waters and relaxing atmosphere. An ideal place to leave everyday life behind and regenerate body and soul.<\/p>\t\t\t\t\t\t\t\t<\/div>\n\t\t\t\t<\/div>\n\t\t\t\t\t<\/div>\n\t\t<\/div>\n\t\t\t\t\t<\/div>\n\t\t<\/section>\n\t\t\t\t<section class=\"elementor-section elementor-top-section elementor-element elementor-element-cf8641b elementor-section-boxed elementor-section-height-default elementor-section-height-default\" data-id=\"cf8641b\" data-element_type=\"section\">\n\t\t\t\t\t\t<div class=\"elementor-container elementor-column-gap-default\">\n\t\t\t\t\t<div class=\"elementor-column elementor-col-100 elementor-top-column elementor-element elementor-element-9352037\" data-id=\"9352037\" data-element_type=\"column\">\n\t\t\t<div class=\"elementor-widget-wrap elementor-element-populated\">\n\t\t\t\t\t\t<div class=\"elementor-element elementor-element-a304729 elementor-widget elementor-widget-image\" data-id=\"a304729\" data-element_type=\"widget\" data-widget_type=\"image.default\">\n\t\t\t\t<div class=\"elementor-widget-container\">\n\t\t\t\t\t\t\t\t\t\t\t\t<figure class=\"wp-caption\">\n\t\t\t\t\t\t\t\t\t\t<img loading=\"lazy\" decoding=\"async\" width=\"800\" height=\"533\" src=\"https:\/\/www.alpenair.de\/wp-content\/uploads\/2024\/08\/THERME-BaWoe_Totale_bearbeitet.jpg\" class=\"attachment-large size-large wp-image-45226\" alt=\"\" srcset=\"https:\/\/www.alpenair.de\/wp-content\/uploads\/2024\/08\/THERME-BaWoe_Totale_bearbeitet.jpg 800w, https:\/\/www.alpenair.de\/wp-content\/uploads\/2024\/08\/THERME-BaWoe_Totale_bearbeitet-300x200.jpg 300w, https:\/\/www.alpenair.de\/wp-content\/uploads\/2024\/08\/THERME-BaWoe_Totale_bearbeitet-768x512.jpg 768w\" sizes=\"(max-width: 800px) 100vw, 800px\" \/>\t\t\t\t\t\t\t\t\t\t\t<figcaption class=\"widget-image-caption wp-caption-text\">Photo credits: https:\/\/www.therme-badwoerishofen.de\/bildergalerie\/ <\/figcaption>\n\t\t\t\t\t\t\t\t\t\t<\/figure>\n\t\t\t\t\t\t\t\t\t<\/div>\n\t\t\t\t<\/div>\n\t\t\t\t\t<\/div>\n\t\t<\/div>\n\t\t\t\t\t<\/div>\n\t\t<\/section>\n\t\t\t\t<section class=\"elementor-section elementor-top-section elementor-element elementor-element-d73dce1 elementor-section-boxed elementor-section-height-default elementor-section-height-default\" data-id=\"d73dce1\" data-element_type=\"section\">\n\t\t\t\t\t\t<div class=\"elementor-container elementor-column-gap-default\">\n\t\t\t\t\t<div class=\"elementor-column elementor-col-100 elementor-top-column elementor-element elementor-element-c7b69e4\" data-id=\"c7b69e4\" data-element_type=\"column\">\n\t\t\t<div class=\"elementor-widget-wrap elementor-element-populated\">\n\t\t\t\t\t\t<div class=\"elementor-element elementor-element-257e90a elementor-widget elementor-widget-text-editor\" data-id=\"257e90a\" data-element_type=\"widget\" data-widget_type=\"text-editor.default\">\n\t\t\t\t<div class=\"elementor-widget-container\">\n\t\t\t\t\t\t\t\t\t<h5><strong>4. <\/strong><b>Legoland\u00a0Germany in G\u00fcnzburg<\/b><\/h5>\t\t\t\t\t\t\t\t<\/div>\n\t\t\t\t<\/div>\n\t\t\t\t\t<\/div>\n\t\t<\/div>\n\t\t\t\t\t<\/div>\n\t\t<\/section>\n\t\t\t\t<section class=\"elementor-section elementor-top-section elementor-element elementor-element-dd29ec6 elementor-section-boxed elementor-section-height-default elementor-section-height-default\" data-id=\"dd29ec6\" data-element_type=\"section\">\n\t\t\t\t\t\t<div class=\"elementor-container elementor-column-gap-default\">\n\t\t\t\t\t<div class=\"elementor-column elementor-col-100 elementor-top-column elementor-element elementor-element-96c01c7\" data-id=\"96c01c7\" data-element_type=\"column\">\n\t\t\t<div class=\"elementor-widget-wrap elementor-element-populated\">\n\t\t\t\t\t\t<div class=\"elementor-element elementor-element-eb455a0 elementor-widget elementor-widget-text-editor\" data-id=\"eb455a0\" data-element_type=\"widget\" data-widget_type=\"text-editor.default\">\n\t\t\t\t<div class=\"elementor-widget-container\">\n\t\t\t\t\t\t\t\t\t<p><a href=\"https:\/\/www.legoland.de\">Legoland Deutschland<\/a> in G\u00fcnzburg is a paradise for families with children. The theme park offers numerous attractions and rides that revolve around the popular LEGO bricks. Whether roller coasters, themed rides or interactive play worlds &#8211; everyone gets their money&#8217;s worth here. The Miniland, where famous sights are recreated from LEGO bricks, is particularly popular.<\/p>\t\t\t\t\t\t\t\t<\/div>\n\t\t\t\t<\/div>\n\t\t\t\t\t<\/div>\n\t\t<\/div>\n\t\t\t\t\t<\/div>\n\t\t<\/section>\n\t\t\t\t<section class=\"elementor-section elementor-top-section elementor-element elementor-element-861b3ca elementor-section-boxed elementor-section-height-default elementor-section-height-default\" data-id=\"861b3ca\" data-element_type=\"section\">\n\t\t\t\t\t\t<div class=\"elementor-container elementor-column-gap-default\">\n\t\t\t\t\t<div class=\"elementor-column elementor-col-100 elementor-top-column elementor-element elementor-element-26b038a\" data-id=\"26b038a\" data-element_type=\"column\">\n\t\t\t<div class=\"elementor-widget-wrap elementor-element-populated\">\n\t\t\t\t\t\t<div class=\"elementor-element elementor-element-51de4b3 elementor-widget elementor-widget-image\" data-id=\"51de4b3\" data-element_type=\"widget\" data-widget_type=\"image.default\">\n\t\t\t\t<div class=\"elementor-widget-container\">\n\t\t\t\t\t\t\t\t\t\t\t\t<figure class=\"wp-caption\">\n\t\t\t\t\t\t\t\t\t\t<img loading=\"lazy\" decoding=\"async\" width=\"1024\" height=\"683\" src=\"https:\/\/www.alpenair.de\/wp-content\/uploads\/2024\/08\/drachenjagd_8k1a1687-1024x683.jpg\" class=\"attachment-large size-large wp-image-45260\" alt=\"\" srcset=\"https:\/\/www.alpenair.de\/wp-content\/uploads\/2024\/08\/drachenjagd_8k1a1687-1024x683.jpg 1024w, https:\/\/www.alpenair.de\/wp-content\/uploads\/2024\/08\/drachenjagd_8k1a1687-300x200.jpg 300w, https:\/\/www.alpenair.de\/wp-content\/uploads\/2024\/08\/drachenjagd_8k1a1687-768x512.jpg 768w, https:\/\/www.alpenair.de\/wp-content\/uploads\/2024\/08\/drachenjagd_8k1a1687-1536x1024.jpg 1536w, https:\/\/www.alpenair.de\/wp-content\/uploads\/2024\/08\/drachenjagd_8k1a1687-2048x1365.jpg 2048w\" sizes=\"(max-width: 1024px) 100vw, 1024px\" \/>\t\t\t\t\t\t\t\t\t\t\t<figcaption class=\"widget-image-caption wp-caption-text\">Photo credits: legoland.de<\/figcaption>\n\t\t\t\t\t\t\t\t\t\t<\/figure>\n\t\t\t\t\t\t\t\t\t<\/div>\n\t\t\t\t<\/div>\n\t\t\t\t\t<\/div>\n\t\t<\/div>\n\t\t\t\t\t<\/div>\n\t\t<\/section>\n\t\t\t\t<section class=\"elementor-section elementor-top-section elementor-element elementor-element-c9770d2 elementor-section-boxed elementor-section-height-default elementor-section-height-default\" data-id=\"c9770d2\" data-element_type=\"section\">\n\t\t\t\t\t\t<div class=\"elementor-container elementor-column-gap-default\">\n\t\t\t\t\t<div class=\"elementor-column elementor-col-100 elementor-top-column elementor-element elementor-element-3603b89\" data-id=\"3603b89\" data-element_type=\"column\">\n\t\t\t<div class=\"elementor-widget-wrap elementor-element-populated\">\n\t\t\t\t\t\t<div class=\"elementor-element elementor-element-d38b72c elementor-widget elementor-widget-text-editor\" data-id=\"d38b72c\" data-element_type=\"widget\" data-widget_type=\"text-editor.default\">\n\t\t\t\t<div class=\"elementor-widget-container\">\n\t\t\t\t\t\t\t\t\t<h5><strong>5. <\/strong><strong>Andechs Monastery and the Ammersee<\/strong><\/h5>\t\t\t\t\t\t\t\t<\/div>\n\t\t\t\t<\/div>\n\t\t\t\t\t<\/div>\n\t\t<\/div>\n\t\t\t\t\t<\/div>\n\t\t<\/section>\n\t\t\t\t<section class=\"elementor-section elementor-top-section elementor-element elementor-element-3469b26 elementor-section-boxed elementor-section-height-default elementor-section-height-default\" data-id=\"3469b26\" data-element_type=\"section\">\n\t\t\t\t\t\t<div class=\"elementor-container elementor-column-gap-default\">\n\t\t\t\t\t<div class=\"elementor-column elementor-col-100 elementor-top-column elementor-element elementor-element-c1aa66e\" data-id=\"c1aa66e\" data-element_type=\"column\">\n\t\t\t<div class=\"elementor-widget-wrap elementor-element-populated\">\n\t\t\t\t\t\t<div class=\"elementor-element elementor-element-4105183 elementor-widget elementor-widget-text-editor\" data-id=\"4105183\" data-element_type=\"widget\" data-widget_type=\"text-editor.default\">\n\t\t\t\t<div class=\"elementor-widget-container\">\n\t\t\t\t\t\t\t\t\t<p>A cultural and culinary highlight is a visit to <a href=\"https:\/\/www.andechs.de\">Andechs Monastery<\/a> on Lake Ammersee. The monastery is famous for its Benedictine beer and Bavarian specialties, which are served in the Br\u00e4ust\u00fcberl or Klostergasthof. After a snack, you can visit the baroque monastery church and enjoy the magnificent view over Lake Ammersee. A walk along the lake is also worth a visit.<\/p>\t\t\t\t\t\t\t\t<\/div>\n\t\t\t\t<\/div>\n\t\t\t\t\t<\/div>\n\t\t<\/div>\n\t\t\t\t\t<\/div>\n\t\t<\/section>\n\t\t\t\t<section class=\"elementor-section elementor-top-section elementor-element elementor-element-49b87ba elementor-section-boxed elementor-section-height-default elementor-section-height-default\" data-id=\"49b87ba\" data-element_type=\"section\">\n\t\t\t\t\t\t<div class=\"elementor-container elementor-column-gap-default\">\n\t\t\t\t\t<div class=\"elementor-column elementor-col-100 elementor-top-column elementor-element elementor-element-3f25830\" data-id=\"3f25830\" data-element_type=\"column\">\n\t\t\t<div class=\"elementor-widget-wrap elementor-element-populated\">\n\t\t\t\t\t\t<div class=\"elementor-element elementor-element-9f9744b elementor-widget elementor-widget-image\" data-id=\"9f9744b\" data-element_type=\"widget\" data-widget_type=\"image.default\">\n\t\t\t\t<div class=\"elementor-widget-container\">\n\t\t\t\t\t\t\t\t\t\t\t\t\t\t\t<img loading=\"lazy\" decoding=\"async\" width=\"1024\" height=\"693\" src=\"https:\/\/www.alpenair.de\/wp-content\/uploads\/2024\/08\/Kloster-Andechs-1-1024x693.jpg\" class=\"attachment-large size-large wp-image-45232\" alt=\"Das Kloster Andechs am Ammersee auf dem Klosterh\u00fcgel, im Hintergrund der blaue Ammersee\" srcset=\"https:\/\/www.alpenair.de\/wp-content\/uploads\/2024\/08\/Kloster-Andechs-1-1024x693.jpg 1024w, https:\/\/www.alpenair.de\/wp-content\/uploads\/2024\/08\/Kloster-Andechs-1-300x203.jpg 300w, https:\/\/www.alpenair.de\/wp-content\/uploads\/2024\/08\/Kloster-Andechs-1-768x520.jpg 768w, https:\/\/www.alpenair.de\/wp-content\/uploads\/2024\/08\/Kloster-Andechs-1-1536x1040.jpg 1536w, https:\/\/www.alpenair.de\/wp-content\/uploads\/2024\/08\/Kloster-Andechs-1.jpg 1895w\" sizes=\"(max-width: 1024px) 100vw, 1024px\" \/>\t\t\t\t\t\t\t\t\t\t\t\t\t\t\t<\/div>\n\t\t\t\t<\/div>\n\t\t\t\t\t<\/div>\n\t\t<\/div>\n\t\t\t\t\t<\/div>\n\t\t<\/section>\n\t\t\t\t<section class=\"elementor-section elementor-top-section elementor-element elementor-element-df58434 elementor-section-boxed elementor-section-height-default elementor-section-height-default\" data-id=\"df58434\" data-element_type=\"section\">\n\t\t\t\t\t\t<div class=\"elementor-container elementor-column-gap-default\">\n\t\t\t\t\t<div class=\"elementor-column elementor-col-100 elementor-top-column elementor-element elementor-element-f12e41d\" data-id=\"f12e41d\" data-element_type=\"column\">\n\t\t\t<div class=\"elementor-widget-wrap elementor-element-populated\">\n\t\t\t\t\t\t<div class=\"elementor-element elementor-element-ce92d40 elementor-widget elementor-widget-text-editor\" data-id=\"ce92d40\" data-element_type=\"widget\" data-widget_type=\"text-editor.default\">\n\t\t\t\t<div class=\"elementor-widget-container\">\n\t\t\t\t\t\t\t\t\t<h5><strong>6. Allg\u00e4u Skyline Park<\/strong><\/h5>\t\t\t\t\t\t\t\t<\/div>\n\t\t\t\t<\/div>\n\t\t\t\t\t<\/div>\n\t\t<\/div>\n\t\t\t\t\t<\/div>\n\t\t<\/section>\n\t\t\t\t<section class=\"elementor-section elementor-top-section elementor-element elementor-element-7501d9a elementor-section-boxed elementor-section-height-default elementor-section-height-default\" data-id=\"7501d9a\" data-element_type=\"section\">\n\t\t\t\t\t\t<div class=\"elementor-container elementor-column-gap-default\">\n\t\t\t\t\t<div class=\"elementor-column elementor-col-100 elementor-top-column elementor-element elementor-element-6bc05c2\" data-id=\"6bc05c2\" data-element_type=\"column\">\n\t\t\t<div class=\"elementor-widget-wrap elementor-element-populated\">\n\t\t\t\t\t\t<div class=\"elementor-element elementor-element-9a6a64d elementor-widget elementor-widget-text-editor\" data-id=\"9a6a64d\" data-element_type=\"widget\" data-widget_type=\"text-editor.default\">\n\t\t\t\t<div class=\"elementor-widget-container\">\n\t\t\t\t\t\t\t\t\t<p>The <a href=\"https:\/\/www.skylinepark.de\">Allg\u00e4u Skyline Park<\/a> is another amusement park that is particularly suitable for adrenaline junkies. With a variety of roller coasters, water rides and other attractions, the park offers fun and action for the whole family. Particularly brave visitors can let off steam on Germany&#8217;s highest overhead roller coaster, the Sky Wheel.<\/p>\t\t\t\t\t\t\t\t<\/div>\n\t\t\t\t<\/div>\n\t\t\t\t\t<\/div>\n\t\t<\/div>\n\t\t\t\t\t<\/div>\n\t\t<\/section>\n\t\t\t\t<section class=\"elementor-section elementor-top-section elementor-element elementor-element-2e332bb elementor-section-boxed elementor-section-height-default elementor-section-height-default\" data-id=\"2e332bb\" data-element_type=\"section\">\n\t\t\t\t\t\t<div class=\"elementor-container elementor-column-gap-default\">\n\t\t\t\t\t<div class=\"elementor-column elementor-col-100 elementor-top-column elementor-element elementor-element-c4298e6\" data-id=\"c4298e6\" data-element_type=\"column\">\n\t\t\t<div class=\"elementor-widget-wrap elementor-element-populated\">\n\t\t\t\t\t\t<div class=\"elementor-element elementor-element-63c2273 elementor-widget elementor-widget-image\" data-id=\"63c2273\" data-element_type=\"widget\" data-widget_type=\"image.default\">\n\t\t\t\t<div class=\"elementor-widget-container\">\n\t\t\t\t\t\t\t\t\t\t\t\t<figure class=\"wp-caption\">\n\t\t\t\t\t\t\t\t\t\t<img loading=\"lazy\" decoding=\"async\" width=\"1024\" height=\"682\" src=\"https:\/\/www.alpenair.de\/wp-content\/uploads\/2024\/08\/Pressebild_HighFly_RGB-1024x682.jpg\" class=\"attachment-large size-large wp-image-45236\" alt=\"Die High Fly Achterbahn im Allg\u00e4u Skyline Park\" srcset=\"https:\/\/www.alpenair.de\/wp-content\/uploads\/2024\/08\/Pressebild_HighFly_RGB-1024x682.jpg 1024w, https:\/\/www.alpenair.de\/wp-content\/uploads\/2024\/08\/Pressebild_HighFly_RGB-300x200.jpg 300w, https:\/\/www.alpenair.de\/wp-content\/uploads\/2024\/08\/Pressebild_HighFly_RGB-768x512.jpg 768w, https:\/\/www.alpenair.de\/wp-content\/uploads\/2024\/08\/Pressebild_HighFly_RGB-1536x1024.jpg 1536w, https:\/\/www.alpenair.de\/wp-content\/uploads\/2024\/08\/Pressebild_HighFly_RGB.jpg 1772w\" sizes=\"(max-width: 1024px) 100vw, 1024px\" \/>\t\t\t\t\t\t\t\t\t\t\t<figcaption class=\"widget-image-caption wp-caption-text\">\u00a9 Allg\u00e4u Skyline Park<\/figcaption>\n\t\t\t\t\t\t\t\t\t\t<\/figure>\n\t\t\t\t\t\t\t\t\t<\/div>\n\t\t\t\t<\/div>\n\t\t\t\t\t<\/div>\n\t\t<\/div>\n\t\t\t\t\t<\/div>\n\t\t<\/section>\n\t\t\t\t<section class=\"elementor-section elementor-top-section elementor-element elementor-element-d060c4a elementor-section-boxed elementor-section-height-default elementor-section-height-default\" data-id=\"d060c4a\" data-element_type=\"section\">\n\t\t\t\t\t\t<div class=\"elementor-container elementor-column-gap-default\">\n\t\t\t\t\t<div class=\"elementor-column elementor-col-100 elementor-top-column elementor-element elementor-element-911246f\" data-id=\"911246f\" data-element_type=\"column\">\n\t\t\t<div class=\"elementor-widget-wrap elementor-element-populated\">\n\t\t\t\t\t\t<div class=\"elementor-element elementor-element-1f7a890 elementor-widget elementor-widget-text-editor\" data-id=\"1f7a890\" data-element_type=\"widget\" data-widget_type=\"text-editor.default\">\n\t\t\t\t<div class=\"elementor-widget-container\">\n\t\t\t\t\t\t\t\t\t<h5><strong>7. <\/strong><b><\/b><b><span lang=\"EN-US\">Lechfeld and Lech barrage 23<\/span><\/b><\/h5>\t\t\t\t\t\t\t\t<\/div>\n\t\t\t\t<\/div>\n\t\t\t\t\t<\/div>\n\t\t<\/div>\n\t\t\t\t\t<\/div>\n\t\t<\/section>\n\t\t\t\t<section class=\"elementor-section elementor-top-section elementor-element elementor-element-827923d elementor-section-boxed elementor-section-height-default elementor-section-height-default\" data-id=\"827923d\" data-element_type=\"section\">\n\t\t\t\t\t\t<div class=\"elementor-container elementor-column-gap-default\">\n\t\t\t\t\t<div class=\"elementor-column elementor-col-100 elementor-top-column elementor-element elementor-element-3497576\" data-id=\"3497576\" data-element_type=\"column\">\n\t\t\t<div class=\"elementor-widget-wrap elementor-element-populated\">\n\t\t\t\t\t\t<div class=\"elementor-element elementor-element-c65a494 elementor-widget elementor-widget-text-editor\" data-id=\"c65a494\" data-element_type=\"widget\" data-widget_type=\"text-editor.default\">\n\t\t\t\t<div class=\"elementor-widget-container\">\n\t\t\t\t\t\t\t\t\t<p>For those who want to enjoy nature and exercise at the same time, the Lechfeld with the <a href=\"https:\/\/lra-aic-fdb.de\/hier-leben\/freizeit\/badeseen\/lechstaustufe-23-mandichosee\/\">Lech barrage 23<\/a>, also known as Lake Mandicho, is an ideal destination. This region offers numerous opportunities for cycling, hiking and birdwatching.\u00a0 There are even bathing beaches, sunbathing lawns and a beach volleyball court at Lake Mandicho. The area is also known for its rich birdlife in spring and fall. The Lech dam is also a popular spot for fishing.<\/p><p style=\"font-weight: 400;\"><strong>\u00a0<\/strong><\/p>\t\t\t\t\t\t\t\t<\/div>\n\t\t\t\t<\/div>\n\t\t\t\t\t<\/div>\n\t\t<\/div>\n\t\t\t\t\t<\/div>\n\t\t<\/section>\n\t\t\t\t<section class=\"elementor-section elementor-top-section elementor-element elementor-element-dafbdee elementor-section-boxed elementor-section-height-default elementor-section-height-default\" data-id=\"dafbdee\" data-element_type=\"section\">\n\t\t\t\t\t\t<div class=\"elementor-container elementor-column-gap-default\">\n\t\t\t\t\t<div class=\"elementor-column elementor-col-100 elementor-top-column elementor-element elementor-element-bfa0cd5\" data-id=\"bfa0cd5\" data-element_type=\"column\">\n\t\t\t<div class=\"elementor-widget-wrap elementor-element-populated\">\n\t\t\t\t\t\t<div class=\"elementor-element elementor-element-efad250 elementor-widget elementor-widget-text-editor\" data-id=\"efad250\" data-element_type=\"widget\" data-widget_type=\"text-editor.default\">\n\t\t\t\t<div class=\"elementor-widget-container\">\n\t\t\t\t\t\t\t\t\t<p><strong>8. <\/strong><b><span lang=\"EN-US\">Fugger Castle Kirchheim<\/span><\/b><\/p>\t\t\t\t\t\t\t\t<\/div>\n\t\t\t\t<\/div>\n\t\t\t\t\t<\/div>\n\t\t<\/div>\n\t\t\t\t\t<\/div>\n\t\t<\/section>\n\t\t\t\t<section class=\"elementor-section elementor-top-section elementor-element elementor-element-7d5aca8 elementor-section-boxed elementor-section-height-default elementor-section-height-default\" data-id=\"7d5aca8\" data-element_type=\"section\">\n\t\t\t\t\t\t<div class=\"elementor-container elementor-column-gap-default\">\n\t\t\t\t\t<div class=\"elementor-column elementor-col-100 elementor-top-column elementor-element elementor-element-26b0542\" data-id=\"26b0542\" data-element_type=\"column\">\n\t\t\t<div class=\"elementor-widget-wrap elementor-element-populated\">\n\t\t\t\t\t\t<div class=\"elementor-element elementor-element-9e8aa82 elementor-widget elementor-widget-text-editor\" data-id=\"9e8aa82\" data-element_type=\"widget\" data-widget_type=\"text-editor.default\">\n\t\t\t\t<div class=\"elementor-widget-container\">\n\t\t\t\t\t\t\t\t\t<p>The <a href=\"https:\/\/www.fugger-kirchheim.de\">Fugger Castle<\/a> in Kirchheim is a magnificent Renaissance castle built by the famous Fugger family. It is one of the best-preserved Renaissance buildings in Bavaria and offers guided tours once a month, providing interesting insights into the history and architecture of the castle. The extensive castle park invites you to take a leisurely stroll.<\/p><p style=\"font-weight: 400;\">\u00a0<\/p>\t\t\t\t\t\t\t\t<\/div>\n\t\t\t\t<\/div>\n\t\t\t\t\t<\/div>\n\t\t<\/div>\n\t\t\t\t\t<\/div>\n\t\t<\/section>\n\t\t\t\t<section class=\"elementor-section elementor-top-section elementor-element elementor-element-2e354d5 elementor-section-boxed elementor-section-height-default elementor-section-height-default\" data-id=\"2e354d5\" data-element_type=\"section\">\n\t\t\t\t\t\t<div class=\"elementor-container elementor-column-gap-default\">\n\t\t\t\t\t<div class=\"elementor-column elementor-col-100 elementor-top-column elementor-element elementor-element-7bb3700\" data-id=\"7bb3700\" data-element_type=\"column\">\n\t\t\t<div class=\"elementor-widget-wrap elementor-element-populated\">\n\t\t\t\t\t\t<div class=\"elementor-element elementor-element-a4a8946 elementor-widget elementor-widget-image\" data-id=\"a4a8946\" data-element_type=\"widget\" data-widget_type=\"image.default\">\n\t\t\t\t<div class=\"elementor-widget-container\">\n\t\t\t\t\t\t\t\t\t\t\t\t<figure class=\"wp-caption\">\n\t\t\t\t\t\t\t\t\t\t<img loading=\"lazy\" decoding=\"async\" width=\"454\" height=\"215\" src=\"https:\/\/www.alpenair.de\/wp-content\/uploads\/2024\/08\/Fuggerschloss-Kirchheim.jpg\" class=\"attachment-large size-large wp-image-45248\" alt=\"Das Fuggerschloss Kirchheim frontal mit Eingang\" srcset=\"https:\/\/www.alpenair.de\/wp-content\/uploads\/2024\/08\/Fuggerschloss-Kirchheim.jpg 454w, https:\/\/www.alpenair.de\/wp-content\/uploads\/2024\/08\/Fuggerschloss-Kirchheim-300x142.jpg 300w\" sizes=\"(max-width: 454px) 100vw, 454px\" \/>\t\t\t\t\t\t\t\t\t\t\t<figcaption class=\"widget-image-caption wp-caption-text\">Foto: fugger-kirchheim.de<\/figcaption>\n\t\t\t\t\t\t\t\t\t\t<\/figure>\n\t\t\t\t\t\t\t\t\t<\/div>\n\t\t\t\t<\/div>\n\t\t\t\t\t<\/div>\n\t\t<\/div>\n\t\t\t\t\t<\/div>\n\t\t<\/section>\n\t\t\t\t<section class=\"elementor-section elementor-top-section elementor-element elementor-element-7dfaf57 elementor-section-boxed elementor-section-height-default elementor-section-height-default\" data-id=\"7dfaf57\" data-element_type=\"section\">\n\t\t\t\t\t\t<div class=\"elementor-container elementor-column-gap-default\">\n\t\t\t\t\t<div class=\"elementor-column elementor-col-100 elementor-top-column elementor-element elementor-element-98b89a6\" data-id=\"98b89a6\" data-element_type=\"column\">\n\t\t\t<div class=\"elementor-widget-wrap elementor-element-populated\">\n\t\t\t\t\t\t<div class=\"elementor-element elementor-element-e4ace04 elementor-widget elementor-widget-text-editor\" data-id=\"e4ace04\" data-element_type=\"widget\" data-widget_type=\"text-editor.default\">\n\t\t\t\t<div class=\"elementor-widget-container\">\n\t\t\t\t\t\t\t\t\t<h5><b>9. <\/b><b><span lang=\"EN-US\">Danube Gorge and Weltenburg Monastery<\/span><\/b><\/h5>\t\t\t\t\t\t\t\t<\/div>\n\t\t\t\t<\/div>\n\t\t\t\t\t<\/div>\n\t\t<\/div>\n\t\t\t\t\t<\/div>\n\t\t<\/section>\n\t\t\t\t<section class=\"elementor-section elementor-top-section elementor-element elementor-element-906b856 elementor-section-boxed elementor-section-height-default elementor-section-height-default\" data-id=\"906b856\" data-element_type=\"section\">\n\t\t\t\t\t\t<div class=\"elementor-container elementor-column-gap-default\">\n\t\t\t\t\t<div class=\"elementor-column elementor-col-100 elementor-top-column elementor-element elementor-element-5d52d9d\" data-id=\"5d52d9d\" data-element_type=\"column\">\n\t\t\t<div class=\"elementor-widget-wrap elementor-element-populated\">\n\t\t\t\t\t\t<div class=\"elementor-element elementor-element-77a8b75 elementor-widget elementor-widget-text-editor\" data-id=\"77a8b75\" data-element_type=\"widget\" data-widget_type=\"text-editor.default\">\n\t\t\t\t<div class=\"elementor-widget-container\">\n\t\t\t\t\t\t\t\t\t<p>The Danube gorge near Kelheim offers a special natural spectacle. Here, the Danube narrows into an impressive gorge lined with steep rock faces. A boat trip through the Danube gorge is an unforgettable experience. <a href=\"https:\/\/www.kloster-weltenburg.de\">Weltenburg Monastery<\/a>, the oldest monastery brewery in the world, is located in the immediate vicinity. A visit to the monastery brewery with its beer garden is a culinary delight and cultural highlight.<\/p>\t\t\t\t\t\t\t\t<\/div>\n\t\t\t\t<\/div>\n\t\t\t\t\t<\/div>\n\t\t<\/div>\n\t\t\t\t\t<\/div>\n\t\t<\/section>\n\t\t\t\t<section class=\"elementor-section elementor-top-section elementor-element elementor-element-42689fa elementor-section-boxed elementor-section-height-default elementor-section-height-default\" data-id=\"42689fa\" data-element_type=\"section\">\n\t\t\t\t\t\t<div class=\"elementor-container elementor-column-gap-default\">\n\t\t\t\t\t<div class=\"elementor-column elementor-col-100 elementor-top-column elementor-element elementor-element-c9907bf\" data-id=\"c9907bf\" data-element_type=\"column\">\n\t\t\t<div class=\"elementor-widget-wrap elementor-element-populated\">\n\t\t\t\t\t\t<div class=\"elementor-element elementor-element-5808d8e elementor-widget elementor-widget-image\" data-id=\"5808d8e\" data-element_type=\"widget\" data-widget_type=\"image.default\">\n\t\t\t\t<div class=\"elementor-widget-container\">\n\t\t\t\t\t\t\t\t\t\t\t\t<figure class=\"wp-caption\">\n\t\t\t\t\t\t\t\t\t\t<img loading=\"lazy\" decoding=\"async\" width=\"1024\" height=\"683\" src=\"https:\/\/www.alpenair.de\/wp-content\/uploads\/2024\/08\/jens-freudenau-_X6WEaI_sKs-unsplash-1024x683.jpg\" class=\"attachment-large size-large wp-image-45250\" alt=\"Donaudurchbruch\" srcset=\"https:\/\/www.alpenair.de\/wp-content\/uploads\/2024\/08\/jens-freudenau-_X6WEaI_sKs-unsplash-1024x683.jpg 1024w, https:\/\/www.alpenair.de\/wp-content\/uploads\/2024\/08\/jens-freudenau-_X6WEaI_sKs-unsplash-300x200.jpg 300w, https:\/\/www.alpenair.de\/wp-content\/uploads\/2024\/08\/jens-freudenau-_X6WEaI_sKs-unsplash-768x512.jpg 768w, https:\/\/www.alpenair.de\/wp-content\/uploads\/2024\/08\/jens-freudenau-_X6WEaI_sKs-unsplash-1536x1024.jpg 1536w, https:\/\/www.alpenair.de\/wp-content\/uploads\/2024\/08\/jens-freudenau-_X6WEaI_sKs-unsplash-2048x1365.jpg 2048w\" sizes=\"(max-width: 1024px) 100vw, 1024px\" \/>\t\t\t\t\t\t\t\t\t\t\t<figcaption class=\"widget-image-caption wp-caption-text\">Unsplash: Jens Freudenau<\/figcaption>\n\t\t\t\t\t\t\t\t\t\t<\/figure>\n\t\t\t\t\t\t\t\t\t<\/div>\n\t\t\t\t<\/div>\n\t\t\t\t\t<\/div>\n\t\t<\/div>\n\t\t\t\t\t<\/div>\n\t\t<\/section>\n\t\t\t\t<section class=\"elementor-section elementor-top-section elementor-element elementor-element-a278fdf elementor-section-boxed elementor-section-height-default elementor-section-height-default\" data-id=\"a278fdf\" data-element_type=\"section\">\n\t\t\t\t\t\t<div class=\"elementor-container elementor-column-gap-default\">\n\t\t\t\t\t<div class=\"elementor-column elementor-col-100 elementor-top-column elementor-element elementor-element-8e39237\" data-id=\"8e39237\" data-element_type=\"column\">\n\t\t\t<div class=\"elementor-widget-wrap elementor-element-populated\">\n\t\t\t\t\t\t<div class=\"elementor-element elementor-element-eb833e9 elementor-widget elementor-widget-text-editor\" data-id=\"eb833e9\" data-element_type=\"widget\" data-widget_type=\"text-editor.default\">\n\t\t\t\t<div class=\"elementor-widget-container\">\n\t\t\t\t\t\t\t\t\t<h5><strong>10. <\/strong><b><span lang=\"EN-US\">Sightseeing flight with ALPEN AIR over the Alps<\/span><\/b><\/h5>\t\t\t\t\t\t\t\t<\/div>\n\t\t\t\t<\/div>\n\t\t\t\t\t<\/div>\n\t\t<\/div>\n\t\t\t\t\t<\/div>\n\t\t<\/section>\n\t\t\t\t<section class=\"elementor-section elementor-top-section elementor-element elementor-element-523c099 elementor-section-boxed elementor-section-height-default elementor-section-height-default\" data-id=\"523c099\" data-element_type=\"section\">\n\t\t\t\t\t\t<div class=\"elementor-container elementor-column-gap-default\">\n\t\t\t\t\t<div class=\"elementor-column elementor-col-100 elementor-top-column elementor-element elementor-element-db06885\" data-id=\"db06885\" data-element_type=\"column\">\n\t\t\t<div class=\"elementor-widget-wrap elementor-element-populated\">\n\t\t\t\t\t\t<div class=\"elementor-element elementor-element-359cc91 elementor-widget elementor-widget-text-editor\" data-id=\"359cc91\" data-element_type=\"widget\" data-widget_type=\"text-editor.default\">\n\t\t\t\t<div class=\"elementor-widget-container\">\n\t\t\t\t\t\t\t\t\t<p>A <a href=\"http:\/\/www.alpenair.de\/rundflug-alpen-xxl\">scenic flight<\/a> with ALPEN AIR over the majestic Alps is an unforgettable experience. Take off from Augsburg Airport and enjoy the breathtaking view of the snow-capped peaks, green valleys and idyllic lakes of the Alpine region. This excursion is perfect for anyone who wants to experience the beauty of the Alps from a new perspective. A scenic flight is not only a highlight for tourists, but also a great gift idea for special occasions.<\/p>\t\t\t\t\t\t\t\t<\/div>\n\t\t\t\t<\/div>\n\t\t\t\t\t<\/div>\n\t\t<\/div>\n\t\t\t\t\t<\/div>\n\t\t<\/section>\n\t\t\t\t<section class=\"elementor-section elementor-top-section elementor-element elementor-element-bc87492 elementor-section-boxed elementor-section-height-default elementor-section-height-default\" data-id=\"bc87492\" data-element_type=\"section\">\n\t\t\t\t\t\t<div class=\"elementor-container elementor-column-gap-default\">\n\t\t\t\t\t<div class=\"elementor-column elementor-col-100 elementor-top-column elementor-element elementor-element-a4b3793\" data-id=\"a4b3793\" data-element_type=\"column\">\n\t\t\t<div class=\"elementor-widget-wrap elementor-element-populated\">\n\t\t\t\t\t\t<div class=\"elementor-element elementor-element-f4eba02 elementor-widget elementor-widget-image\" data-id=\"f4eba02\" data-element_type=\"widget\" data-widget_type=\"image.default\">\n\t\t\t\t<div class=\"elementor-widget-container\">\n\t\t\t\t\t\t\t\t\t\t\t\t\t\t\t<img loading=\"lazy\" decoding=\"async\" width=\"1024\" height=\"578\" src=\"https:\/\/www.alpenair.de\/wp-content\/uploads\/2024\/08\/AA-1024x578.jpg\" class=\"attachment-large size-large wp-image-45003\" alt=\"Top Tagesausfl\u00fcge in der Umgebung von Augsburg in der ALPEN AIR Cessna\" srcset=\"https:\/\/www.alpenair.de\/wp-content\/uploads\/2024\/08\/AA-1024x578.jpg 1024w, https:\/\/www.alpenair.de\/wp-content\/uploads\/2024\/08\/AA-300x169.jpg 300w, https:\/\/www.alpenair.de\/wp-content\/uploads\/2024\/08\/AA-768x434.jpg 768w, https:\/\/www.alpenair.de\/wp-content\/uploads\/2024\/08\/AA.jpg 1390w\" sizes=\"(max-width: 1024px) 100vw, 1024px\" \/>\t\t\t\t\t\t\t\t\t\t\t\t\t\t\t<\/div>\n\t\t\t\t<\/div>\n\t\t\t\t\t<\/div>\n\t\t<\/div>\n\t\t\t\t\t<\/div>\n\t\t<\/section>\n\t\t\t\t<section class=\"elementor-section elementor-top-section elementor-element elementor-element-e6c815b elementor-section-boxed elementor-section-height-default elementor-section-height-default\" data-id=\"e6c815b\" data-element_type=\"section\">\n\t\t\t\t\t\t<div class=\"elementor-container elementor-column-gap-default\">\n\t\t\t\t\t<div class=\"elementor-column elementor-col-100 elementor-top-column elementor-element elementor-element-7b37a94\" data-id=\"7b37a94\" data-element_type=\"column\">\n\t\t\t<div class=\"elementor-widget-wrap elementor-element-populated\">\n\t\t\t\t\t\t<div class=\"elementor-element elementor-element-69401b6 elementor-widget elementor-widget-text-editor\" data-id=\"69401b6\" data-element_type=\"widget\" data-widget_type=\"text-editor.default\">\n\t\t\t\t<div class=\"elementor-widget-container\">\n\t\t\t\t\t\t\t\t\t<p>The region around Augsburg offers a wide range of excursion options that will delight every visitor. Whether historic towns, picturesque landscapes or exciting amusement parks &#8211; there is something for everyone here. Take the opportunity to discover the beauty of Augsburg on one of these unforgettable day trips.<\/p>\t\t\t\t\t\t\t\t<\/div>\n\t\t\t\t<\/div>\n\t\t\t\t\t<\/div>\n\t\t<\/div>\n\t\t\t\t\t<\/div>\n\t\t<\/section>\n\t\t\t\t<\/div>\n\t\t","protected":false},"excerpt":{"rendered":"<p>Ideas for day trips near Augsburg &#8211; also with children from ALPEN AIR Augsburg, one of the oldest cities in Germany, not only offers a rich history and culture, but also numerous opportunities for unforgettable day trips. Whether you are a nature lover, history enthusiast or adventurer, there is something for everyone to discover in [&hellip;]<\/p>\n","protected":false},"author":19,"featured_media":0,"comment_status":"closed","ping_status":"closed","sticky":false,"template":"","format":"standard","meta":{"site-sidebar-layout":"default","site-content-layout":"","ast-site-content-layout":"default","site-content-style":"default","site-sidebar-style":"default","ast-global-header-display":"","ast-banner-title-visibility":"","ast-main-header-display":"","ast-hfb-above-header-display":"","ast-hfb-below-header-display":"","ast-hfb-mobile-header-display":"","site-post-title":"","ast-breadcrumbs-content":"","ast-featured-img":"","footer-sml-layout":"","theme-transparent-header-meta":"","adv-header-id-meta":"","stick-header-meta":"","header-above-stick-meta":"","header-main-stick-meta":"","header-below-stick-meta":"","astra-migrate-meta-layouts":"set","ast-page-background-enabled":"default","ast-page-background-meta":{"desktop":{"background-color":"var(--ast-global-color-4)","background-image":"","background-repeat":"repeat","background-position":"center center","background-size":"auto","background-attachment":"scroll","background-type":"","background-media":"","overlay-type":"","overlay-color":"","overlay-opacity":"","overlay-gradient":""},"tablet":{"background-color":"","background-image":"","background-repeat":"repeat","background-position":"center center","background-size":"auto","background-attachment":"scroll","background-type":"","background-media":"","overlay-type":"","overlay-color":"","overlay-opacity":"","overlay-gradient":""},"mobile":{"background-color":"","background-image":"","background-repeat":"repeat","background-position":"center center","background-size":"auto","background-attachment":"scroll","background-type":"","background-media":"","overlay-type":"","overlay-color":"","overlay-opacity":"","overlay-gradient":""}},"ast-content-background-meta":{"desktop":{"background-color":"var(--ast-global-color-5)","background-image":"","background-repeat":"repeat","background-position":"center center","background-size":"auto","background-attachment":"scroll","background-type":"","background-media":"","overlay-type":"","overlay-color":"","overlay-opacity":"","overlay-gradient":""},"tablet":{"background-color":"var(--ast-global-color-5)","background-image":"","background-repeat":"repeat","background-position":"center center","background-size":"auto","background-attachment":"scroll","background-type":"","background-media":"","overlay-type":"","overlay-color":"","overlay-opacity":"","overlay-gradient":""},"mobile":{"background-color":"var(--ast-global-color-5)","background-image":"","background-repeat":"repeat","background-position":"center center","background-size":"auto","background-attachment":"scroll","background-type":"","background-media":"","overlay-type":"","overlay-color":"","overlay-opacity":"","overlay-gradient":""}},"footnotes":""},"categories":[62],"tags":[114,202,88,335,272,374,126,156,201,273,384,122,123,82,103,386,274,380,334,354,333,175,376,110,193],"class_list":["post-45759","post","type-post","status-publish","format-standard","hentry","category-region-en","tag-airline","tag-augsburg","tag-bavaria","tag-bucket-list","tag-children","tag-cities","tag-city","tag-family","tag-germany","tag-kids","tag-muenchen-en","tag-muenchen","tag-munich","tag-region-en","tag-sightseeing-en","tag-staedte-en","tag-summer","tag-summer-vacation","tag-to-do","tag-to-dos-en","tag-top-10","tag-tourism","tag-travel-en","tag-travel","tag-vacation"],"yoast_head":"<!-- This site is optimized with the Yoast SEO plugin v26.9 - https:\/\/yoast.com\/product\/yoast-seo-wordpress\/ -->\n<title>Day trips in Augsburg<\/title>\n<meta name=\"description\" content=\"Explore the best day trips from Augsburg, including charming towns, scenic lakes, and cultural gems just a short journey from the city.\" \/>\n<meta name=\"robots\" content=\"index, follow, max-snippet:-1, max-image-preview:large, max-video-preview:-1\" \/>\n<link rel=\"canonical\" href=\"https:\/\/www.alpenair.de\/en\/magazin\/region-en\/top-day-trips-in-the-augsburg-area\/\" \/>\n<meta property=\"og:locale\" content=\"en_US\" \/>\n<meta property=\"og:type\" content=\"article\" \/>\n<meta property=\"og:title\" content=\"Day trips in Augsburg\" \/>\n<meta property=\"og:description\" content=\"Explore the best day trips from Augsburg, including charming towns, scenic lakes, and cultural gems just a short journey from the city.\" \/>\n<meta property=\"og:url\" content=\"https:\/\/www.alpenair.de\/en\/magazin\/region-en\/top-day-trips-in-the-augsburg-area\/\" \/>\n<meta property=\"og:site_name\" content=\"ALPEN AIR\" \/>\n<meta property=\"article:publisher\" content=\"https:\/\/www.facebook.com\/alpenair.de\" \/>\n<meta property=\"article:published_time\" content=\"2024-08-16T14:13:48+00:00\" \/>\n<meta property=\"article:modified_time\" content=\"2026-03-31T13:33:54+00:00\" \/>\n<meta property=\"og:image\" content=\"https:\/\/www.alpenair.de\/wp-content\/uploads\/2025\/11\/Gooogle-Ads-Ueberarbeitung-10-1024x536.png\" \/>\n\t<meta property=\"og:image:width\" content=\"1024\" \/>\n\t<meta property=\"og:image:height\" content=\"536\" \/>\n\t<meta property=\"og:image:type\" content=\"image\/png\" \/>\n<meta name=\"author\" content=\"Victoria Herz\" \/>\n<meta name=\"twitter:card\" content=\"summary_large_image\" \/>\n<meta name=\"twitter:label1\" content=\"Written by\" \/>\n\t<meta name=\"twitter:data1\" content=\"Victoria Herz\" \/>\n\t<meta name=\"twitter:label2\" content=\"Est. reading time\" \/>\n\t<meta name=\"twitter:data2\" content=\"7 minutes\" \/>\n<script type=\"application\/ld+json\" class=\"yoast-schema-graph\">{\"@context\":\"https:\/\/schema.org\",\"@graph\":[{\"@type\":\"Article\",\"@id\":\"https:\/\/www.alpenair.de\/en\/magazin\/region-en\/top-day-trips-in-the-augsburg-area\/#article\",\"isPartOf\":{\"@id\":\"https:\/\/www.alpenair.de\/en\/magazin\/region-en\/top-day-trips-in-the-augsburg-area\/\"},\"author\":{\"name\":\"Victoria Herz\",\"@id\":\"https:\/\/www.alpenair.de\/en\/#\/schema\/person\/0cab18772a123210e7a208ba7400f33e\"},\"headline\":\"Top day trips in the Augsburg area\u00a0\",\"datePublished\":\"2024-08-16T14:13:48+00:00\",\"dateModified\":\"2026-03-31T13:33:54+00:00\",\"mainEntityOfPage\":{\"@id\":\"https:\/\/www.alpenair.de\/en\/magazin\/region-en\/top-day-trips-in-the-augsburg-area\/\"},\"wordCount\":948,\"publisher\":{\"@id\":\"https:\/\/www.alpenair.de\/en\/#organization\"},\"image\":{\"@id\":\"https:\/\/www.alpenair.de\/en\/magazin\/region-en\/top-day-trips-in-the-augsburg-area\/#primaryimage\"},\"thumbnailUrl\":\"https:\/\/www.alpenair.de\/wp-content\/uploads\/2025\/11\/Gooogle-Ads-Ueberarbeitung-10-1024x536.png\",\"keywords\":[\"Airline\",\"Augsburg\",\"Bavaria\",\"bucket list\",\"children\",\"Cities\",\"City\",\"Family\",\"Germany\",\"kids\",\"M\u00fcnchen\",\"M\u00fcnchen\",\"Munich\",\"Region\",\"Sightseeing\",\"St\u00e4dte\",\"summer\",\"summer vacation\",\"to do\",\"To Dos\",\"Top 10\",\"tourism\",\"travel\",\"travel\",\"vacation\"],\"articleSection\":[\"Region\"],\"inLanguage\":\"en-US\"},{\"@type\":\"WebPage\",\"@id\":\"https:\/\/www.alpenair.de\/en\/magazin\/region-en\/top-day-trips-in-the-augsburg-area\/\",\"url\":\"https:\/\/www.alpenair.de\/en\/magazin\/region-en\/top-day-trips-in-the-augsburg-area\/\",\"name\":\"Day trips in Augsburg\",\"isPartOf\":{\"@id\":\"https:\/\/www.alpenair.de\/en\/#website\"},\"primaryImageOfPage\":{\"@id\":\"https:\/\/www.alpenair.de\/en\/magazin\/region-en\/top-day-trips-in-the-augsburg-area\/#primaryimage\"},\"image\":{\"@id\":\"https:\/\/www.alpenair.de\/en\/magazin\/region-en\/top-day-trips-in-the-augsburg-area\/#primaryimage\"},\"thumbnailUrl\":\"https:\/\/www.alpenair.de\/wp-content\/uploads\/2025\/11\/Gooogle-Ads-Ueberarbeitung-10-1024x536.png\",\"datePublished\":\"2024-08-16T14:13:48+00:00\",\"dateModified\":\"2026-03-31T13:33:54+00:00\",\"description\":\"Explore the best day trips from Augsburg, including charming towns, scenic lakes, and cultural gems just a short journey from the city.\",\"breadcrumb\":{\"@id\":\"https:\/\/www.alpenair.de\/en\/magazin\/region-en\/top-day-trips-in-the-augsburg-area\/#breadcrumb\"},\"inLanguage\":\"en-US\",\"potentialAction\":[{\"@type\":\"ReadAction\",\"target\":[\"https:\/\/www.alpenair.de\/en\/magazin\/region-en\/top-day-trips-in-the-augsburg-area\/\"]}]},{\"@type\":\"ImageObject\",\"inLanguage\":\"en-US\",\"@id\":\"https:\/\/www.alpenair.de\/en\/magazin\/region-en\/top-day-trips-in-the-augsburg-area\/#primaryimage\",\"url\":\"https:\/\/www.alpenair.de\/wp-content\/uploads\/2025\/11\/Gooogle-Ads-Ueberarbeitung-10-1024x536.png\",\"contentUrl\":\"https:\/\/www.alpenair.de\/wp-content\/uploads\/2025\/11\/Gooogle-Ads-Ueberarbeitung-10-1024x536.png\"},{\"@type\":\"BreadcrumbList\",\"@id\":\"https:\/\/www.alpenair.de\/en\/magazin\/region-en\/top-day-trips-in-the-augsburg-area\/#breadcrumb\",\"itemListElement\":[{\"@type\":\"ListItem\",\"position\":1,\"name\":\"Startseite\",\"item\":\"https:\/\/www.alpenair.de\/en\/\"},{\"@type\":\"ListItem\",\"position\":2,\"name\":\"Top day trips in the Augsburg area\u00a0\"}]},{\"@type\":\"WebSite\",\"@id\":\"https:\/\/www.alpenair.de\/en\/#website\",\"url\":\"https:\/\/www.alpenair.de\/en\/\",\"name\":\"ALPEN AIR\",\"description\":\"Flying - only more beautiful.\",\"publisher\":{\"@id\":\"https:\/\/www.alpenair.de\/en\/#organization\"},\"potentialAction\":[{\"@type\":\"SearchAction\",\"target\":{\"@type\":\"EntryPoint\",\"urlTemplate\":\"https:\/\/www.alpenair.de\/en\/?s={search_term_string}\"},\"query-input\":{\"@type\":\"PropertyValueSpecification\",\"valueRequired\":true,\"valueName\":\"search_term_string\"}}],\"inLanguage\":\"en-US\"},{\"@type\":\"Organization\",\"@id\":\"https:\/\/www.alpenair.de\/en\/#organization\",\"name\":\"ALPEN AIR GmbH\",\"url\":\"https:\/\/www.alpenair.de\/en\/\",\"logo\":{\"@type\":\"ImageObject\",\"inLanguage\":\"en-US\",\"@id\":\"https:\/\/www.alpenair.de\/en\/#\/schema\/logo\/image\/\",\"url\":\"https:\/\/www.alpenair.de\/wp-content\/uploads\/2022\/01\/LogoAAFliegen.png\",\"contentUrl\":\"https:\/\/www.alpenair.de\/wp-content\/uploads\/2022\/01\/LogoAAFliegen.png\",\"width\":561,\"height\":166,\"caption\":\"ALPEN AIR GmbH\"},\"image\":{\"@id\":\"https:\/\/www.alpenair.de\/en\/#\/schema\/logo\/image\/\"},\"sameAs\":[\"https:\/\/www.facebook.com\/alpenair.de\",\"https:\/\/www.instagram.com\/alpen.air\/\",\"https:\/\/de.linkedin.com\/company\/alpen-air\"]},{\"@type\":\"Person\",\"@id\":\"https:\/\/www.alpenair.de\/en\/#\/schema\/person\/0cab18772a123210e7a208ba7400f33e\",\"name\":\"Victoria Herz\",\"sameAs\":[\"http:\/\/www.alpenair.de\"],\"url\":\"https:\/\/www.alpenair.de\/en\/magazin\/author\/victoriaherz\/\"}]}<\/script>\n<!-- \/ Yoast SEO plugin. -->","yoast_head_json":{"title":"Day trips in Augsburg","description":"Explore the best day trips from Augsburg, including charming towns, scenic lakes, and cultural gems just a short journey from the city.","robots":{"index":"index","follow":"follow","max-snippet":"max-snippet:-1","max-image-preview":"max-image-preview:large","max-video-preview":"max-video-preview:-1"},"canonical":"https:\/\/www.alpenair.de\/en\/magazin\/region-en\/top-day-trips-in-the-augsburg-area\/","og_locale":"en_US","og_type":"article","og_title":"Day trips in Augsburg","og_description":"Explore the best day trips from Augsburg, including charming towns, scenic lakes, and cultural gems just a short journey from the city.","og_url":"https:\/\/www.alpenair.de\/en\/magazin\/region-en\/top-day-trips-in-the-augsburg-area\/","og_site_name":"ALPEN AIR","article_publisher":"https:\/\/www.facebook.com\/alpenair.de","article_published_time":"2024-08-16T14:13:48+00:00","article_modified_time":"2026-03-31T13:33:54+00:00","og_image":[{"width":1024,"height":536,"url":"https:\/\/www.alpenair.de\/wp-content\/uploads\/2025\/11\/Gooogle-Ads-Ueberarbeitung-10-1024x536.png","type":"image\/png"}],"author":"Victoria Herz","twitter_card":"summary_large_image","twitter_misc":{"Written by":"Victoria Herz","Est. reading time":"7 minutes"},"schema":{"@context":"https:\/\/schema.org","@graph":[{"@type":"Article","@id":"https:\/\/www.alpenair.de\/en\/magazin\/region-en\/top-day-trips-in-the-augsburg-area\/#article","isPartOf":{"@id":"https:\/\/www.alpenair.de\/en\/magazin\/region-en\/top-day-trips-in-the-augsburg-area\/"},"author":{"name":"Victoria Herz","@id":"https:\/\/www.alpenair.de\/en\/#\/schema\/person\/0cab18772a123210e7a208ba7400f33e"},"headline":"Top day trips in the Augsburg area\u00a0","datePublished":"2024-08-16T14:13:48+00:00","dateModified":"2026-03-31T13:33:54+00:00","mainEntityOfPage":{"@id":"https:\/\/www.alpenair.de\/en\/magazin\/region-en\/top-day-trips-in-the-augsburg-area\/"},"wordCount":948,"publisher":{"@id":"https:\/\/www.alpenair.de\/en\/#organization"},"image":{"@id":"https:\/\/www.alpenair.de\/en\/magazin\/region-en\/top-day-trips-in-the-augsburg-area\/#primaryimage"},"thumbnailUrl":"https:\/\/www.alpenair.de\/wp-content\/uploads\/2025\/11\/Gooogle-Ads-Ueberarbeitung-10-1024x536.png","keywords":["Airline","Augsburg","Bavaria","bucket list","children","Cities","City","Family","Germany","kids","M\u00fcnchen","M\u00fcnchen","Munich","Region","Sightseeing","St\u00e4dte","summer","summer vacation","to do","To Dos","Top 10","tourism","travel","travel","vacation"],"articleSection":["Region"],"inLanguage":"en-US"},{"@type":"WebPage","@id":"https:\/\/www.alpenair.de\/en\/magazin\/region-en\/top-day-trips-in-the-augsburg-area\/","url":"https:\/\/www.alpenair.de\/en\/magazin\/region-en\/top-day-trips-in-the-augsburg-area\/","name":"Day trips in Augsburg","isPartOf":{"@id":"https:\/\/www.alpenair.de\/en\/#website"},"primaryImageOfPage":{"@id":"https:\/\/www.alpenair.de\/en\/magazin\/region-en\/top-day-trips-in-the-augsburg-area\/#primaryimage"},"image":{"@id":"https:\/\/www.alpenair.de\/en\/magazin\/region-en\/top-day-trips-in-the-augsburg-area\/#primaryimage"},"thumbnailUrl":"https:\/\/www.alpenair.de\/wp-content\/uploads\/2025\/11\/Gooogle-Ads-Ueberarbeitung-10-1024x536.png","datePublished":"2024-08-16T14:13:48+00:00","dateModified":"2026-03-31T13:33:54+00:00","description":"Explore the best day trips from Augsburg, including charming towns, scenic lakes, and cultural gems just a short journey from the city.","breadcrumb":{"@id":"https:\/\/www.alpenair.de\/en\/magazin\/region-en\/top-day-trips-in-the-augsburg-area\/#breadcrumb"},"inLanguage":"en-US","potentialAction":[{"@type":"ReadAction","target":["https:\/\/www.alpenair.de\/en\/magazin\/region-en\/top-day-trips-in-the-augsburg-area\/"]}]},{"@type":"ImageObject","inLanguage":"en-US","@id":"https:\/\/www.alpenair.de\/en\/magazin\/region-en\/top-day-trips-in-the-augsburg-area\/#primaryimage","url":"https:\/\/www.alpenair.de\/wp-content\/uploads\/2025\/11\/Gooogle-Ads-Ueberarbeitung-10-1024x536.png","contentUrl":"https:\/\/www.alpenair.de\/wp-content\/uploads\/2025\/11\/Gooogle-Ads-Ueberarbeitung-10-1024x536.png"},{"@type":"BreadcrumbList","@id":"https:\/\/www.alpenair.de\/en\/magazin\/region-en\/top-day-trips-in-the-augsburg-area\/#breadcrumb","itemListElement":[{"@type":"ListItem","position":1,"name":"Startseite","item":"https:\/\/www.alpenair.de\/en\/"},{"@type":"ListItem","position":2,"name":"Top day trips in the Augsburg area\u00a0"}]},{"@type":"WebSite","@id":"https:\/\/www.alpenair.de\/en\/#website","url":"https:\/\/www.alpenair.de\/en\/","name":"ALPEN AIR","description":"Flying - only more beautiful.","publisher":{"@id":"https:\/\/www.alpenair.de\/en\/#organization"},"potentialAction":[{"@type":"SearchAction","target":{"@type":"EntryPoint","urlTemplate":"https:\/\/www.alpenair.de\/en\/?s={search_term_string}"},"query-input":{"@type":"PropertyValueSpecification","valueRequired":true,"valueName":"search_term_string"}}],"inLanguage":"en-US"},{"@type":"Organization","@id":"https:\/\/www.alpenair.de\/en\/#organization","name":"ALPEN AIR GmbH","url":"https:\/\/www.alpenair.de\/en\/","logo":{"@type":"ImageObject","inLanguage":"en-US","@id":"https:\/\/www.alpenair.de\/en\/#\/schema\/logo\/image\/","url":"https:\/\/www.alpenair.de\/wp-content\/uploads\/2022\/01\/LogoAAFliegen.png","contentUrl":"https:\/\/www.alpenair.de\/wp-content\/uploads\/2022\/01\/LogoAAFliegen.png","width":561,"height":166,"caption":"ALPEN AIR GmbH"},"image":{"@id":"https:\/\/www.alpenair.de\/en\/#\/schema\/logo\/image\/"},"sameAs":["https:\/\/www.facebook.com\/alpenair.de","https:\/\/www.instagram.com\/alpen.air\/","https:\/\/de.linkedin.com\/company\/alpen-air"]},{"@type":"Person","@id":"https:\/\/www.alpenair.de\/en\/#\/schema\/person\/0cab18772a123210e7a208ba7400f33e","name":"Victoria Herz","sameAs":["http:\/\/www.alpenair.de"],"url":"https:\/\/www.alpenair.de\/en\/magazin\/author\/victoriaherz\/"}]}},"_links":{"self":[{"href":"https:\/\/www.alpenair.de\/en\/wp-json\/wp\/v2\/posts\/45759","targetHints":{"allow":["GET"]}}],"collection":[{"href":"https:\/\/www.alpenair.de\/en\/wp-json\/wp\/v2\/posts"}],"about":[{"href":"https:\/\/www.alpenair.de\/en\/wp-json\/wp\/v2\/types\/post"}],"author":[{"embeddable":true,"href":"https:\/\/www.alpenair.de\/en\/wp-json\/wp\/v2\/users\/19"}],"replies":[{"embeddable":true,"href":"https:\/\/www.alpenair.de\/en\/wp-json\/wp\/v2\/comments?post=45759"}],"version-history":[{"count":21,"href":"https:\/\/www.alpenair.de\/en\/wp-json\/wp\/v2\/posts\/45759\/revisions"}],"predecessor-version":[{"id":72857,"href":"https:\/\/www.alpenair.de\/en\/wp-json\/wp\/v2\/posts\/45759\/revisions\/72857"}],"wp:attachment":[{"href":"https:\/\/www.alpenair.de\/en\/wp-json\/wp\/v2\/media?parent=45759"}],"wp:term":[{"taxonomy":"category","embeddable":true,"href":"https:\/\/www.alpenair.de\/en\/wp-json\/wp\/v2\/categories?post=45759"},{"taxonomy":"post_tag","embeddable":true,"href":"https:\/\/www.alpenair.de\/en\/wp-json\/wp\/v2\/tags?post=45759"}],"curies":[{"name":"wp","href":"https:\/\/api.w.org\/{rel}","templated":true}]}}